{"id":4844,"date":"2025-04-07T12:24:48","date_gmt":"2025-04-07T11:24:48","guid":{"rendered":"https:\/\/iicrabat.esteri.it\/?p=4844"},"modified":"2025-04-07T12:33:55","modified_gmt":"2025-04-07T11:33:55","slug":"comunicato-stampa-cinema-mercoledi-9-4-al-teatro-nazionale-mohammed-v-di-rabat-il-nibbio","status":"publish","type":"post","link":"https:\/\/iicrabat.esteri.it\/fr\/news\/dall_istituto\/2025\/04\/comunicato-stampa-cinema-mercoledi-9-4-al-teatro-nazionale-mohammed-v-di-rabat-il-nibbio\/","title":{"rendered":"COMMUNIQU\u00c9 DE PRESSE: CIN\u00c9MA MERCREDI 9\/4 AU TH\u00c9\u00c2TRE NATIONAL MOHAMMED V DE RABAT \u2018IL NIBBIO\u00a0\u00bb"},"content":{"rendered":"<p style=\"text-align: right;\"><strong>07, Avril 2025<\/strong><\/p>\n<h4 style=\"text-align: center;\"><strong>COMMUNIQU\u00c9 DE PRESSE<\/strong><\/h4>\n<p><strong>CIN\u00c9MA: MERCREDI 9\/4 AU TH\u00c9\u00c2TRE NATIONAL MOHAMMED V DI RABAT\u00a0<u>\u2018IL NIBBIO\u2019<\/u><\/strong><\/p>\n<p><strong>\u00c9V\u00c9NEMENT ORGANIS\u00c9 PAR L\u2019AMBASSADE D\u2019ITALIE AU ROYAUME DU MAROC ET L\u2019ISTITUTO ITALIANO DI CULTURA DE RABAT\/INSTITUT CULTUREL ITALIEN DE RABAT<\/strong><\/p>\n<p>Sorti il y a quelques jours dans les salles italiennes,\u00a0<strong>\u201cIl Nibbio\u201d<\/strong>, le film d\u02bcAlessandro Tonda, sera projet\u00e9 au Th\u00e9\u00e2tre National Mohammed V de Rabat mercredi 9 avril \u00e0 18h30, lors d\u2019un \u00e9v\u00e9nement sp\u00e9cial organis\u00e9 par l\u2019Ambassade d\u2019Italie au Royaume du Maroc et l\u2019Institut Culturel Italien de Rabat.<\/p>\n<p>Ils seront pr\u00e9sents \u00e0 l\u2019initiative S.E. Armando Barucco Ambassadeur d\u2019Italie au Royaume du Maroc, la Directrice de l\u2019Institut Culturel Italien de Rabat, Carmela Callea, le r\u00e9alisateur Alessandro Tonda, Madame Dr. Rosa Maria Villecco, Calipari, Monsieur Claudio Santamaria, acteur principal dans le r\u00f4le de Nicola Calipari, Monsieur Massimiliano Rossi, acteur dans le r\u00f4le de Tiber, Monsieur Stefano Bethlen, Producteur du film, Monsieur Francesco Scavelli, Producteur D\u00e9l\u00e9gu\u00e9 \u0335 Alkon Communications, Monsieur Mario Mazzarotto, Producteur Ex\u00e9cutif, Monsieur Sa\u00efd Hamich, Producteur Ex\u00e9cutif \u00a0marocain, Montfleuri \u0335 Production.<\/p>\n<p>Le film est un hommage \u00e0 Nicola Calipari, Officier Sup\u00e9rieur du SISMI (Service Italien d\u2019Information et de S\u00e9curit\u00e9 Militaire) mort en 2005 en Iraq lors d\u2019une op\u00e9ration de intelligence qui a eu lieu le 4 mars et qui a conduit \u00e0 la lib\u00e9ration de la journaliste italienne du quotidien \u201cIl Manifesto\u201d Giuliana Sgrena, enlev\u00e9e par un groupe arm\u00e9 djihadiste, \u00e0 l\u2019occasion du XX anniversaire de sa mort.<\/p>\n<p><strong>\u201cNicola Calipari est mort dans l\u2019accomplissement de son devoir en sauvant la vie de la personne qui avait \u00e0 peine lib\u00e9r\u00e9e. Son histoire et son exemple ont profond\u00e9ment marqu\u00e9 l\u2019Italie, en touchant les consciences de chacun de nous. L\u2019\u0153uvre d\u2019Alessandro Tonda raconte r\u00e9solument et sans ambigu\u00eft\u00e9 les derniers jours de Nicola Calipari. Nous sommes tr\u00e8s fiers d\u2019avoir apport\u00e9 la contribution pour la r\u00e9alisation du tournage du film au Maroc. Mais surtout nous remercions sa famille, les acteurs et la production qui ont accept\u00e9 notre invitation \u00e0 \u00eatre pr\u00e9sents \u00e0 la premi\u00e8re du film au Maroc. Je suis s\u00fbr que beaucoup de jeunes femmes et hommes seront pr\u00e9sents \u00e0 la projection. Apr\u00e8s tout, c\u2019est \u00e0 elles et \u00e0 eux qui s\u2019adresse le film pour faire conna\u00eetre l\u2019histoire d\u2019un homme courageux et d\u2019un grand serviteur de l\u2019\u00c9tat, affirme S.E. Armando Barucco, l\u2019Ambassadeur d\u2019Italie au Royaume du Maroc.<\/strong><\/p>\n<p><strong>\u00a0\u201c<\/strong>\u00a0<strong>L\u2019Institut Culturel Italien de Rabat c\u00e9l\u00e8bre le vingti\u00e8me anniversaire de la disparition de Nicola Calipari avec la projection du film \u201cIl Nibbio\u201d, tourn\u00e9 entre l\u2019Italie et le Maroc, r\u00e9cit intense de ses 28 jours, afin de contribuer \u00e0 faire conna\u00eetre plus en profondeur\u00a0cette figure embl\u00e9matique, symbole tangible d\u2019altruisme extr\u00eame, de valeur et de vertu dont il faut s\u2019inspirer qui, par son sacrifice extr\u00eame et conscient, nous rappelle que l\u2019h\u00e9ro\u00efsme individuel est crucial dans la d\u00e9fense des principes et de la libert\u00e9\u201d,\u00a0explique\u00a0Carmela Callea, Directrice de l\u2019Institut Culturel Italien de Rabat.<\/strong><\/p>\n<p>&nbsp;<\/p>\n<p>Tourn\u00e9 en sept semaines entre Rome et le Maroc, \u201cIl Nibbio\u201d est une coproduction italo-belge de Notorious Pictures avec Rai Cinema et Tarantula, en collaboration avec Netflix et Alkon Communications et avec le soutien du fond r\u00e9gional Wallimages, sous le haut Patronage du Conseil des Ministres Italien, avec le support de l\u2019Agence de renseignements et de S\u00e9curit\u00e9 Externe (AISE), de la Police d\u2019\u00c9tat, de la Pr\u00e9fecture de Rome, du Minist\u00e8re Italien des Affaires \u00c9trang\u00e8res et de la Coop\u00e9ration Internationale et de l\u2019Ambassade d\u2019Italie au Royaume du Maroc et avec la Fondation MedOr Leonardo en tant que partenaire culturel. Le film b\u00e9n\u00e9ficie aussi du soutien du Centre Cin\u00e9matographique Marocain (CCM).<\/p>\n","protected":false},"excerpt":{"rendered":"07, Avril 2025 COMMUNIQU\u00c9 DE PRESSE CIN\u00c9MA: MERCREDI 9\/4 AU TH\u00c9\u00c2TRE NATIONAL MOHAMMED V DI RABAT\u00a0\u2018IL NIBBIO\u2019 \u00c9V\u00c9NEMENT ORGANIS\u00c9 PAR L\u2019AMBASSADE D\u2019ITALIE AU ROYAUME DU MAROC ET L\u2019ISTITUTO ITALIANO DI CULTURA DE RABAT\/INSTITUT CULTUREL ITALIEN DE RABAT Sorti il y a quelques jours dans les salles italiennes,\u00a0\u201cIl Nibbio\u201d, le film d\u02bcAlessandro Tonda, sera projet\u00e9 au [&hellip;]","protected":false},"author":5,"featured_media":4852,"comment_status":"closed","ping_status":"closed","sticky":false,"template":"","format":"standard","meta":{"footnotes":""},"tags":[],"class_list":["post-4844","post","type-post","status-publish","format-standard","has-post-thumbnail","hentry"],"_links":{"self":[{"href":"https:\/\/iicrabat.esteri.it\/fr\/wp-json\/wp\/v2\/posts\/4844","targetHints":{"allow":["GET"]}}],"collection":[{"href":"https:\/\/iicrabat.esteri.it\/fr\/wp-json\/wp\/v2\/posts"}],"about":[{"href":"https:\/\/iicrabat.esteri.it\/fr\/wp-json\/wp\/v2\/types\/post"}],"author":[{"embeddable":true,"href":"https:\/\/iicrabat.esteri.it\/fr\/wp-json\/wp\/v2\/users\/5"}],"replies":[{"embeddable":true,"href":"https:\/\/iicrabat.esteri.it\/fr\/wp-json\/wp\/v2\/comments?post=4844"}],"version-history":[{"count":4,"href":"https:\/\/iicrabat.esteri.it\/fr\/wp-json\/wp\/v2\/posts\/4844\/revisions"}],"predecessor-version":[{"id":4876,"href":"https:\/\/iicrabat.esteri.it\/fr\/wp-json\/wp\/v2\/posts\/4844\/revisions\/4876"}],"wp:featuredmedia":[{"embeddable":true,"href":"https:\/\/iicrabat.esteri.it\/fr\/wp-json\/wp\/v2\/media\/4852"}],"wp:attachment":[{"href":"https:\/\/iicrabat.esteri.it\/fr\/wp-json\/wp\/v2\/media?parent=4844"}],"wp:term":[{"taxonomy":"post_tag","embeddable":true,"href":"https:\/\/iicrabat.esteri.it\/fr\/wp-json\/wp\/v2\/tags?post=4844"}],"curies":[{"name":"wp","href":"https:\/\/api.w.org\/{rel}","templated":true}]}}